{"id":33133,"date":"2025-08-28T10:31:15","date_gmt":"2025-08-28T08:31:15","guid":{"rendered":"https:\/\/vaccinatiepunt.nl\/?p=33133"},"modified":"2026-04-08T11:19:41","modified_gmt":"2026-04-08T09:19:41","slug":"asi-noktasinin-yeni%cc%87-logosu","status":"publish","type":"post","link":"https:\/\/vaccinatiepunt.nl\/tr\/vaccinatiepunt-heeft-een-nieuw-logo\/","title":{"rendered":"A\u015f\u0131 Noktas\u0131'n\u0131n yeni bir logosu var!"},"content":{"rendered":"<figure class=\"wp-block-gallery has-nested-images columns-default is-cropped wp-block-gallery-1 is-layout-flex wp-block-gallery-is-layout-flex\">\n<figure class=\"wp-block-image size-large\"><img fetchpriority=\"high\" decoding=\"async\" width=\"1024\" height=\"455\" data-id=\"33135\" src=\"https:\/\/vaccinatiepunt.nl\/wp-content\/uploads\/2025\/08\/Ontwerp-zonder-titel-4-1024x455.jpg\" alt=\"\" class=\"wp-image-33135\" srcset=\"https:\/\/vaccinatiepunt.nl\/wp-content\/uploads\/2025\/08\/Ontwerp-zonder-titel-4-1024x455.jpg 1024w, https:\/\/vaccinatiepunt.nl\/wp-content\/uploads\/2025\/08\/Ontwerp-zonder-titel-4-300x133.jpg 300w, https:\/\/vaccinatiepunt.nl\/wp-content\/uploads\/2025\/08\/Ontwerp-zonder-titel-4-768x341.jpg 768w, https:\/\/vaccinatiepunt.nl\/wp-content\/uploads\/2025\/08\/Ontwerp-zonder-titel-4-1536x683.jpg 1536w, https:\/\/vaccinatiepunt.nl\/wp-content\/uploads\/2025\/08\/Ontwerp-zonder-titel-4-2048x910.jpg 2048w, https:\/\/vaccinatiepunt.nl\/wp-content\/uploads\/2025\/08\/Ontwerp-zonder-titel-4-18x8.jpg 18w\" sizes=\"(max-width: 1024px) 100vw, 1024px\" \/><\/figure>\n<\/figure>\n\n\n\n<p><\/p>\n\n\n\n<p>Art\u0131k zaman\u0131 geldi! A\u015f\u0131 Noktas\u0131'n\u0131n yeni bir logosu ve kurumsal kimli\u011fi var! 20 y\u0131l\u0131 a\u015fk\u0131n bir s\u00fcrenin ard\u0131ndan, A\u015f\u0131 Noktas\u0131 olarak tam bir yeniden markala\u015fma zaman\u0131n\u0131n geldi\u011fini d\u00fc\u015f\u00fcnd\u00fck. Sadece yeni bir logo de\u011fil, hizmetimize ve savundu\u011fumuz \u015feylere uygun tamamen yeni bir g\u00f6r\u00fcn\u00fcm.<\/p>\n\n\n\n<p>Yeni kurumsal kimli\u011fimizden son derece memnunuz ve m\u00fc\u015fterilerimizin de bu kimlikte kendilerini bulacaklar\u0131n\u0131 umuyoruz. Yeni tasar\u0131m g\u00fcven, \u00f6zen ve profesyonellik yay\u0131yor. Tam olarak her g\u00fcn iletmek istedi\u011fimiz \u015fey.<\/p>\n\n\n\n<p>\u00d6n\u00fcm\u00fczdeki haftalarda yeni g\u00f6r\u00fcn\u00fcm\u00fcm\u00fcz\u00fc daha s\u0131k g\u00f6receksiniz: web sitemizde, ileti\u015fimlerimizde ve elbette \u015fubelerimizde. Yeni bir g\u00f6r\u00fcn\u00fcm, ancak bizden bekledi\u011finiz ayn\u0131 tan\u0131d\u0131k \u00f6zen ve hizmetle.<\/p>\n\n\n\n<p>Sizlerin ne d\u00fc\u015f\u00fcnd\u00fc\u011f\u00fcn\u00fc merak ediyoruz! G\u00f6r\u00fc\u015flerinizi a\u015fa\u011f\u0131da payla\u015f\u0131n!<\/p>","protected":false},"excerpt":{"rendered":"<p>Het is zover! Vaccinatiepunt heeft een nieuw logo en huisstijl! Na meer dan 20 jaar vonden wij bij Vaccinatiepunt dat het tijd was voor een volledige rebranding. Niet zomaar een nieuw logo, maar een volledig nieuwe uitstraling die past bij onze dienst en waar wij voor staan. We zijn super blij met onze nieuwe huisstijl [&hellip;]<\/p>\n","protected":false},"author":6,"featured_media":33135,"comment_status":"closed","ping_status":"open","sticky":false,"template":"","format":"standard","meta":{"inline_featured_image":false,"site-sidebar-layout":"default","site-content-layout":"","ast-site-content-layout":"default","site-content-style":"default","site-sidebar-style":"default","ast-global-header-display":"","ast-banner-title-visibility":"","ast-main-header-display":"","ast-hfb-above-header-display":"","ast-hfb-below-header-display":"","ast-hfb-mobile-header-display":"","site-post-title":"","ast-breadcrumbs-content":"","ast-featured-img":"","footer-sml-layout":"","ast-disable-related-posts":"","theme-transparent-header-meta":"","adv-header-id-meta":"","stick-header-meta":"","header-above-stick-meta":"","header-main-stick-meta":"","header-below-stick-meta":"","astra-migrate-meta-layouts":"set","ast-page-background-enabled":"default","ast-page-background-meta":{"desktop":{"background-color":"var(--ast-global-color-4)","background-image":"","background-repeat":"repeat","background-position":"center center","background-size":"auto","background-attachment":"scroll","background-type":"","background-media":"","overlay-type":"","overlay-color":"","overlay-opacity":"","overlay-gradient":""},"tablet":{"background-color":"","background-image":"","background-repeat":"repeat","background-position":"center center","background-size":"auto","background-attachment":"scroll","background-type":"","background-media":"","overlay-type":"","overlay-color":"","overlay-opacity":"","overlay-gradient":""},"mobile":{"background-color":"","background-image":"","background-repeat":"repeat","background-position":"center center","background-size":"auto","background-attachment":"scroll","background-type":"","background-media":"","overlay-type":"","overlay-color":"","overlay-opacity":"","overlay-gradient":""}},"ast-content-background-meta":{"desktop":{"background-color":"var(--ast-global-color-5)","background-image":"","background-repeat":"repeat","background-position":"center center","background-size":"auto","background-attachment":"scroll","background-type":"","background-media":"","overlay-type":"","overlay-color":"","overlay-opacity":"","overlay-gradient":""},"tablet":{"background-color":"var(--ast-global-color-5)","background-image":"","background-repeat":"repeat","background-position":"center center","background-size":"auto","background-attachment":"scroll","background-type":"","background-media":"","overlay-type":"","overlay-color":"","overlay-opacity":"","overlay-gradient":""},"mobile":{"background-color":"var(--ast-global-color-5)","background-image":"","background-repeat":"repeat","background-position":"center center","background-size":"auto","background-attachment":"scroll","background-type":"","background-media":"","overlay-type":"","overlay-color":"","overlay-opacity":"","overlay-gradient":""}},"footnotes":""},"categories":[106],"tags":[],"class_list":["post-33133","post","type-post","status-publish","format-standard","has-post-thumbnail","hentry","category-nieuws-nl"],"yoast_head":"<!-- This site is optimized with the Yoast SEO plugin v27.4 - https:\/\/yoast.com\/product\/yoast-seo-wordpress\/ -->\n<title>Vaccinatiepunt heeft een nieuw logo! - Vaccinatiepunt<\/title>\n<meta name=\"robots\" content=\"index, follow, max-snippet:-1, max-image-preview:large, max-video-preview:-1\" \/>\n<link rel=\"canonical\" href=\"https:\/\/vaccinatiepunt.nl\/tr\/asi-noktasinin-yeni\u0307-logosu\/\" \/>\n<meta property=\"og:locale\" content=\"tr_TR\" \/>\n<meta property=\"og:type\" content=\"article\" \/>\n<meta property=\"og:title\" content=\"Vaccinatiepunt heeft een nieuw logo! - Vaccinatiepunt\" \/>\n<meta property=\"og:description\" content=\"Het is zover! Vaccinatiepunt heeft een nieuw logo en huisstijl! Na meer dan 20 jaar vonden wij bij Vaccinatiepunt dat het tijd was voor een volledige rebranding. Niet zomaar een nieuw logo, maar een volledig nieuwe uitstraling die past bij onze dienst en waar wij voor staan. We zijn super blij met onze nieuwe huisstijl [&hellip;]\" \/>\n<meta property=\"og:url\" content=\"https:\/\/vaccinatiepunt.nl\/tr\/asi-noktasinin-yeni\u0307-logosu\/\" \/>\n<meta property=\"og:site_name\" content=\"Vaccinatiepunt\" \/>\n<meta property=\"article:published_time\" content=\"2025-08-28T08:31:15+00:00\" \/>\n<meta property=\"article:modified_time\" content=\"2026-04-08T09:19:41+00:00\" \/>\n<meta property=\"og:image\" content=\"https:\/\/vaccinatiepunt.nl\/wp-content\/uploads\/2025\/08\/Ontwerp-zonder-titel-4-scaled.jpg\" \/>\n\t<meta property=\"og:image:width\" content=\"2560\" \/>\n\t<meta property=\"og:image:height\" content=\"1138\" \/>\n\t<meta property=\"og:image:type\" content=\"image\/jpeg\" \/>\n<meta name=\"author\" content=\"hille\" \/>\n<meta name=\"twitter:card\" content=\"summary_large_image\" \/>\n<meta name=\"twitter:label1\" content=\"Yazan:\" \/>\n\t<meta name=\"twitter:data1\" content=\"hille\" \/>\n\t<meta name=\"twitter:label2\" content=\"Tahmini okuma s\u00fcresi\" \/>\n\t<meta name=\"twitter:data2\" content=\"2 dakika\" \/>\n<!-- \/ Yoast SEO plugin. -->","yoast_head_json":{"title":"A\u015f\u0131 Noktas\u0131'n\u0131n yeni logosu! - A\u015f\u0131 Noktas\u0131","robots":{"index":"index","follow":"follow","max-snippet":"max-snippet:-1","max-image-preview":"max-image-preview:large","max-video-preview":"max-video-preview:-1"},"canonical":"https:\/\/vaccinatiepunt.nl\/tr\/asi-noktasinin-yeni\u0307-logosu\/","og_locale":"tr_TR","og_type":"article","og_title":"Vaccinatiepunt heeft een nieuw logo! - Vaccinatiepunt","og_description":"Het is zover! Vaccinatiepunt heeft een nieuw logo en huisstijl! Na meer dan 20 jaar vonden wij bij Vaccinatiepunt dat het tijd was voor een volledige rebranding. Niet zomaar een nieuw logo, maar een volledig nieuwe uitstraling die past bij onze dienst en waar wij voor staan. We zijn super blij met onze nieuwe huisstijl [&hellip;]","og_url":"https:\/\/vaccinatiepunt.nl\/tr\/asi-noktasinin-yeni\u0307-logosu\/","og_site_name":"Vaccinatiepunt","article_published_time":"2025-08-28T08:31:15+00:00","article_modified_time":"2026-04-08T09:19:41+00:00","og_image":[{"width":2560,"height":1138,"url":"https:\/\/vaccinatiepunt.nl\/wp-content\/uploads\/2025\/08\/Ontwerp-zonder-titel-4-scaled.jpg","type":"image\/jpeg"}],"author":"hille","twitter_card":"summary_large_image","twitter_misc":{"Yazan:":"hille","Tahmini okuma s\u00fcresi":"2 dakika"},"schema":{"@context":"https:\/\/schema.org","@graph":[{"@type":"Article","@id":"https:\/\/vaccinatiepunt.nl\/tr\/vaccinatiepunt-heeft-een-nieuw-logo\/#article","isPartOf":{"@id":"https:\/\/vaccinatiepunt.nl\/tr\/vaccinatiepunt-heeft-een-nieuw-logo\/"},"author":{"name":"hille","@id":"https:\/\/vaccinatiepunt.nl\/tr\/#\/schema\/person\/c73a733dc1580043f173e5c926b746ab"},"headline":"Vaccinatiepunt heeft een nieuw logo!","datePublished":"2025-08-28T08:31:15+00:00","dateModified":"2026-04-08T09:19:41+00:00","mainEntityOfPage":{"@id":"https:\/\/vaccinatiepunt.nl\/tr\/vaccinatiepunt-heeft-een-nieuw-logo\/"},"wordCount":135,"publisher":{"@id":"https:\/\/vaccinatiepunt.nl\/tr\/#organization"},"image":{"@id":"https:\/\/vaccinatiepunt.nl\/tr\/vaccinatiepunt-heeft-een-nieuw-logo\/#primaryimage"},"thumbnailUrl":"https:\/\/vaccinatiepunt.nl\/wp-content\/uploads\/2025\/08\/Ontwerp-zonder-titel-4-scaled.jpg","articleSection":["Nieuws"],"inLanguage":"tr"},{"@type":"WebPage","@id":"https:\/\/vaccinatiepunt.nl\/tr\/vaccinatiepunt-heeft-een-nieuw-logo\/","url":"https:\/\/vaccinatiepunt.nl\/tr\/vaccinatiepunt-heeft-een-nieuw-logo\/","name":"A\u015f\u0131 Noktas\u0131'n\u0131n yeni logosu! - A\u015f\u0131 Noktas\u0131","isPartOf":{"@id":"https:\/\/vaccinatiepunt.nl\/tr\/#website"},"primaryImageOfPage":{"@id":"https:\/\/vaccinatiepunt.nl\/tr\/vaccinatiepunt-heeft-een-nieuw-logo\/#primaryimage"},"image":{"@id":"https:\/\/vaccinatiepunt.nl\/tr\/vaccinatiepunt-heeft-een-nieuw-logo\/#primaryimage"},"thumbnailUrl":"https:\/\/vaccinatiepunt.nl\/wp-content\/uploads\/2025\/08\/Ontwerp-zonder-titel-4-scaled.jpg","datePublished":"2025-08-28T08:31:15+00:00","dateModified":"2026-04-08T09:19:41+00:00","breadcrumb":{"@id":"https:\/\/vaccinatiepunt.nl\/tr\/vaccinatiepunt-heeft-een-nieuw-logo\/#breadcrumb"},"inLanguage":"tr","potentialAction":[{"@type":"ReadAction","target":["https:\/\/vaccinatiepunt.nl\/tr\/vaccinatiepunt-heeft-een-nieuw-logo\/"]}]},{"@type":"ImageObject","inLanguage":"tr","@id":"https:\/\/vaccinatiepunt.nl\/tr\/vaccinatiepunt-heeft-een-nieuw-logo\/#primaryimage","url":"https:\/\/vaccinatiepunt.nl\/wp-content\/uploads\/2025\/08\/Ontwerp-zonder-titel-4-scaled.jpg","contentUrl":"https:\/\/vaccinatiepunt.nl\/wp-content\/uploads\/2025\/08\/Ontwerp-zonder-titel-4-scaled.jpg","width":2560,"height":1138},{"@type":"BreadcrumbList","@id":"https:\/\/vaccinatiepunt.nl\/tr\/vaccinatiepunt-heeft-een-nieuw-logo\/#breadcrumb","itemListElement":[{"@type":"ListItem","position":1,"name":"Home","item":"https:\/\/vaccinatiepunt.nl\/"},{"@type":"ListItem","position":2,"name":"Vaccinatiepunt heeft een nieuw logo!"}]},{"@type":"WebSite","@id":"https:\/\/vaccinatiepunt.nl\/tr\/#website","url":"https:\/\/vaccinatiepunt.nl\/tr\/","name":"A\u015f\u0131lama noktas\u0131","description":"","publisher":{"@id":"https:\/\/vaccinatiepunt.nl\/tr\/#organization"},"potentialAction":[{"@type":"SearchAction","target":{"@type":"EntryPoint","urlTemplate":"https:\/\/vaccinatiepunt.nl\/tr\/?s={search_term_string}"},"query-input":{"@type":"PropertyValueSpecification","valueRequired":true,"valueName":"search_term_string"}}],"inLanguage":"tr"},{"@type":"Organization","@id":"https:\/\/vaccinatiepunt.nl\/tr\/#organization","name":"A\u015f\u0131lama noktas\u0131","url":"https:\/\/vaccinatiepunt.nl\/tr\/","logo":{"@type":"ImageObject","inLanguage":"tr","@id":"https:\/\/vaccinatiepunt.nl\/tr\/#\/schema\/logo\/image\/","url":"https:\/\/vaccinatiepunt.nl\/wp-content\/uploads\/2025\/12\/Zonder-titel-Instagram-bericht.png","contentUrl":"https:\/\/vaccinatiepunt.nl\/wp-content\/uploads\/2025\/12\/Zonder-titel-Instagram-bericht.png","width":1080,"height":1080,"caption":"Vaccinatiepunt"},"image":{"@id":"https:\/\/vaccinatiepunt.nl\/tr\/#\/schema\/logo\/image\/"}},{"@type":"Person","@id":"https:\/\/vaccinatiepunt.nl\/tr\/#\/schema\/person\/c73a733dc1580043f173e5c926b746ab","name":"hille","image":{"@type":"ImageObject","inLanguage":"tr","@id":"https:\/\/secure.gravatar.com\/avatar\/501c3eeff19967ac18f56fb76ef727925b7e76c6da7f534801f670a6118eb835?s=96&d=mm&r=g","url":"https:\/\/secure.gravatar.com\/avatar\/501c3eeff19967ac18f56fb76ef727925b7e76c6da7f534801f670a6118eb835?s=96&d=mm&r=g","contentUrl":"https:\/\/secure.gravatar.com\/avatar\/501c3eeff19967ac18f56fb76ef727925b7e76c6da7f534801f670a6118eb835?s=96&d=mm&r=g","caption":"hille"}}]}},"_links":{"self":[{"href":"https:\/\/vaccinatiepunt.nl\/tr\/wp-json\/wp\/v2\/posts\/33133","targetHints":{"allow":["GET"]}}],"collection":[{"href":"https:\/\/vaccinatiepunt.nl\/tr\/wp-json\/wp\/v2\/posts"}],"about":[{"href":"https:\/\/vaccinatiepunt.nl\/tr\/wp-json\/wp\/v2\/types\/post"}],"author":[{"embeddable":true,"href":"https:\/\/vaccinatiepunt.nl\/tr\/wp-json\/wp\/v2\/users\/6"}],"replies":[{"embeddable":true,"href":"https:\/\/vaccinatiepunt.nl\/tr\/wp-json\/wp\/v2\/comments?post=33133"}],"version-history":[{"count":0,"href":"https:\/\/vaccinatiepunt.nl\/tr\/wp-json\/wp\/v2\/posts\/33133\/revisions"}],"wp:featuredmedia":[{"embeddable":true,"href":"https:\/\/vaccinatiepunt.nl\/tr\/wp-json\/wp\/v2\/media\/33135"}],"wp:attachment":[{"href":"https:\/\/vaccinatiepunt.nl\/tr\/wp-json\/wp\/v2\/media?parent=33133"}],"wp:term":[{"taxonomy":"category","embeddable":true,"href":"https:\/\/vaccinatiepunt.nl\/tr\/wp-json\/wp\/v2\/categories?post=33133"},{"taxonomy":"post_tag","embeddable":true,"href":"https:\/\/vaccinatiepunt.nl\/tr\/wp-json\/wp\/v2\/tags?post=33133"}],"curies":[{"name":"wp","href":"https:\/\/api.w.org\/{rel}","templated":true}]}}